{"id":388,"date":"2020-09-27T13:10:13","date_gmt":"2020-09-27T11:10:13","guid":{"rendered":"http:\/\/www.fechtklub.at\/wordpress\/?p=388"},"modified":"2026-06-12T22:29:41","modified_gmt":"2026-06-12T20:29:41","slug":"bitte-beachten","status":"publish","type":"post","link":"http:\/\/www.fechtklub.at\/wordpress\/bitte-beachten\/","title":{"rendered":"Bitte beachten!"},"content":{"rendered":"<p>Liebe Fechtkollegen,<br \/>\nWichtig ! Bitte beachten, da\u00df in der gesamten Sporthalle\/Freizeitzentrum Maskenpflicht gilt. Ausgenommen hiervon ist ausschlie\u00dflich die sportliche T\u00e4tigkeit selbst, und nur diese.<br \/>\nBitte die Abstandsregeln einhalten, kein Handschlag nach dem Gefecht, regelm\u00e4\u00dfiges Sto\u00dfl\u00fcften der Fechthalle. Anmeldeliste ausf\u00fcllen (max.10 pro Training).<br \/>\nSo k\u00f6nnen wir es schaffen auch in Covid-Zeiten den Fechtbetrieb aufrecht zu halten.<\/p>\n","protected":false},"excerpt":{"rendered":"<p>Liebe Fechtkollegen, Wichtig ! Bitte beachten, da\u00df in der gesamten Sporthalle\/Freizeitzentrum Maskenpflicht gilt. Ausgenommen hiervon ist ausschlie\u00dflich die sportliche T\u00e4tigkeit selbst, und nur diese. Bitte die Abstandsregeln einhalten, kein Handschlag nach dem Gefecht, regelm\u00e4\u00dfiges Sto\u00dfl\u00fcften der Fechthalle. Anmeldeliste ausf\u00fcllen (max.10 pro Training). So k\u00f6nnen wir es schaffen auch in Covid-Zeiten den Fechtbetrieb aufrecht zu halten.<\/p>\n","protected":false},"author":2,"featured_media":0,"comment_status":"closed","ping_status":"closed","sticky":false,"template":"","format":"standard","meta":{"_kad_post_transparent":"","_kad_post_title":"","_kad_post_layout":"","_kad_post_sidebar_id":"","_kad_post_content_style":"","_kad_post_vertical_padding":"","_kad_post_feature":"","_kad_post_feature_position":"","_kad_post_header":false,"_kad_post_footer":false,"_kad_post_classname":"","footnotes":""},"categories":[],"tags":[],"class_list":["post-388","post","type-post","status-publish","format-standard","hentry"],"_links":{"self":[{"href":"http:\/\/www.fechtklub.at\/wordpress\/wp-json\/wp\/v2\/posts\/388","targetHints":{"allow":["GET"]}}],"collection":[{"href":"http:\/\/www.fechtklub.at\/wordpress\/wp-json\/wp\/v2\/posts"}],"about":[{"href":"http:\/\/www.fechtklub.at\/wordpress\/wp-json\/wp\/v2\/types\/post"}],"author":[{"embeddable":true,"href":"http:\/\/www.fechtklub.at\/wordpress\/wp-json\/wp\/v2\/users\/2"}],"replies":[{"embeddable":true,"href":"http:\/\/www.fechtklub.at\/wordpress\/wp-json\/wp\/v2\/comments?post=388"}],"version-history":[{"count":3,"href":"http:\/\/www.fechtklub.at\/wordpress\/wp-json\/wp\/v2\/posts\/388\/revisions"}],"predecessor-version":[{"id":393,"href":"http:\/\/www.fechtklub.at\/wordpress\/wp-json\/wp\/v2\/posts\/388\/revisions\/393"}],"wp:attachment":[{"href":"http:\/\/www.fechtklub.at\/wordpress\/wp-json\/wp\/v2\/media?parent=388"}],"wp:term":[{"taxonomy":"category","embeddable":true,"href":"http:\/\/www.fechtklub.at\/wordpress\/wp-json\/wp\/v2\/categories?post=388"},{"taxonomy":"post_tag","embeddable":true,"href":"http:\/\/www.fechtklub.at\/wordpress\/wp-json\/wp\/v2\/tags?post=388"}],"curies":[{"name":"wp","href":"https:\/\/api.w.org\/{rel}","templated":true}]}}